{"id":13611,"date":"2019-10-29T00:00:00","date_gmt":"2019-10-28T23:00:00","guid":{"rendered":"https:\/\/www.teldat.com\/sin-categorizar\/13611\/antonio-garcia-marcos-presidente-de-teldat-investido-doctor-honoris-causa\/"},"modified":"2026-04-06T10:59:35","modified_gmt":"2026-04-06T08:59:35","slug":"antonio-garcia-marcos-presidente-de-teldat-investido-doctor-honoris-causa","status":"publish","type":"post","link":"https:\/\/www.teldat.com\/es\/blog\/antonio-garcia-marcos-presidente-de-teldat-investido-doctor-honoris-causa\/","title":{"rendered":"Antonio Garc\u00eda Marcos &#8211; Doctor Honoris Causa"},"content":{"rendered":"<p>[et_pb_section fb_built=\u00bb1&#8243; _builder_version=\u00bb4.17.3&#8243; _module_preset=\u00bbdefault\u00bb custom_padding=\u00bb3px||33px|||\u00bb da_disable_devices=\u00bboff|off|off\u00bb locked=\u00bboff\u00bb global_colors_info=\u00bb{}\u00bb theme_builder_area=\u00bbpost_content\u00bb da_is_popup=\u00bboff\u00bb da_exit_intent=\u00bboff\u00bb da_has_close=\u00bbon\u00bb da_alt_close=\u00bboff\u00bb da_dark_close=\u00bboff\u00bb da_not_modal=\u00bbon\u00bb da_is_singular=\u00bboff\u00bb da_with_loader=\u00bboff\u00bb da_has_shadow=\u00bbon\u00bb][et_pb_row _builder_version=\u00bb4.17.3&#8243; _module_preset=\u00bbdefault\u00bb custom_margin=\u00bb23px||||false|false\u00bb custom_padding=\u00bb0px|||||\u00bb locked=\u00bboff\u00bb global_colors_info=\u00bb{}\u00bb theme_builder_area=\u00bbpost_content\u00bb][et_pb_column type=\u00bb4_4&#8243; _builder_version=\u00bb4.17.3&#8243; _module_preset=\u00bbdefault\u00bb global_colors_info=\u00bb{}\u00bb theme_builder_area=\u00bbpost_content\u00bb][et_pb_image src=\u00bbhttps:\/\/www.teldat.com\/wp-content\/uploads\/2022\/06\/news-agm-dhc-web-01_resize.jpg\u00bb alt=\u00bbborrar\u00bb title_text=\u00bbnews-agm-dhc-web-01.png\u00bb align_tablet=\u00bb\u00bb align_phone=\u00bbcenter\u00bb align_last_edited=\u00bbon|phone\u00bb admin_label=\u00bbImagen\u00bb _builder_version=\u00bb4.17.3&#8243; _module_preset=\u00bbdefault\u00bb width=\u00bb42%\u00bb width_tablet=\u00bb45%\u00bb width_phone=\u00bb100%\u00bb width_last_edited=\u00bbon|phone\u00bb custom_margin=\u00bb|-164px|28px||false|false\u00bb custom_margin_tablet=\u00bb|-39px|50px|46px|false|false\u00bb custom_margin_phone=\u00bb||50px|0px|false|false\u00bb custom_margin_last_edited=\u00bbon|desktop\u00bb custom_css_main_element=\u00bbfloat:left;\u00bb global_colors_info=\u00bb{}\u00bb theme_builder_area=\u00bbpost_content\u00bb][\/et_pb_image][et_pb_text _builder_version=\u00bb4.17.3&#8243; _module_preset=\u00bbdefault\u00bb text_font=\u00bb|300|||||||\u00bb width_tablet=\u00bb\u00bb width_phone=\u00bb100%\u00bb width_last_edited=\u00bbon|phone\u00bb max_width_tablet=\u00bb\u00bb max_width_phone=\u00bb100%\u00bb max_width_last_edited=\u00bbon|phone\u00bb custom_margin=\u00bb||0px||false|false\u00bb custom_margin_tablet=\u00bb|30px|0px|44px|false|false\u00bb custom_margin_phone=\u00bb|213px||74px|false|false\u00bb custom_margin_last_edited=\u00bbon|tablet\u00bb custom_padding=\u00bb0px||||false|false\u00bb custom_padding_tablet=\u00bb0px||||false|false\u00bb custom_padding_phone=\u00bb0px|156px|||false|false\u00bb custom_padding_last_edited=\u00bbon|phone\u00bb global_colors_info=\u00bb{}\u00bb theme_builder_area=\u00bbpost_content\u00bb]<\/p>\n<p class=\"bodytext\"><b>Antonio Garc\u00eda Marcos<\/b>, presidente de Teldat, ha sido investido Doctor <i>Honoris Causa<\/i> por la Universidad de Alcal\u00e1 (UAH), en una ceremonia celebrada en su Paraninfo, presidida por el rector <b>Jos\u00e9 Vicente Saz.<\/b><br \/>\nAntonio Garc\u00eda Marcos recibe esta distinci\u00f3n despu\u00e9s de que fuera propuesto por la Escuela Polit\u00e9cnica Superior (EPS) de la UAH, que destaca de \u00e9l su clara visi\u00f3n al frente de su compa\u00f1\u00eda para adaptarse a los cambios en un sector tan exigente como el de las Telecomunicaciones, as\u00ed como su apuesta valiente y constante en momentos arriesgados, que han convertido a Teldat en empresa l\u00edder de su \u00e1mbito. Este nombramiento pone de manifiesto, adem\u00e1s, la relaci\u00f3n siempre presente entre Teldat y la Universidad.<br \/>\nLa <i>laudatio<\/i> correspondi\u00f3 a <b>Jos\u00e9 Antonio Portilla<\/b>, catedr\u00e1tico de Teor\u00eda de la Se\u00f1al y Comunicaciones y director de la EPS, que destac\u00f3 en su intervenci\u00f3n que \u2018<i>los m\u00e9ritos tanto profesionales, empresariales, acad\u00e9micos como de investigaci\u00f3n, tanto dentro como fuera de la Universidad, son s\u00f3lo un aspecto de su figura, que, adem\u00e1s, se pueden encontrar en las numerosas cr\u00f3nicas que de su persona se han realizado y que, en verdad, son el resultado de ciertas caracter\u00edsticas de su personalidad que afloran en cuanto tienes la oportunidad de pasar cierto tiempo con \u00e9l y que pudiera resumir en\u00a0 palabras como valor, lealtad, equipo, trabajo e inspiraci\u00f3n\u2019<\/i>.<br \/>\nPor su parte, <b>Antonio Garc\u00eda Marcos<\/b>\u00a0 hizo, en su discurso, un recorrido por los avances de las telecomunicaciones desde que, en el siglo V a. C., Tales de Mileto observara los fen\u00f3menos electromagn\u00e9ticos, pasando por la invenci\u00f3n del tel\u00e9fono, en el siglo XIX, y hasta las posibilidades que ofrece Internet de las Cosas con las previsiones de crecimiento de conectividad a las redes m\u00f3viles por mor del 5G, con una estimaci\u00f3n para el a\u00f1o 2025, de m\u00e1s de 50.000 millones de objetos conectados. El reci\u00e9n investido Doctor Honoris Causa enfatiz\u00f3 en su <i>\u201crespeto reverencial y el amor que profeso hacia la Instituci\u00f3n Univer<\/i>sitaria\u201d, de hecho, titul\u00f3 su intervenci\u00f3n <i>\u201c<b>La Universidad Alma Mater Societatis\u201d<\/b><\/i> y asegur\u00f3 que \u201c<i>la Universidad es un \u00e1rbol que enra\u00edza, crece y se alimenta con los ingredientes del conocimiento. De este \u00e1rbol surgen flores y de algunas de ellas frutos en los \u00e1mbitos cient\u00edficos, literarios, filos\u00f3ficos o de la ingeniera\u201d<\/i>. Para terminar enlazando la instituci\u00f3n con el mundo empresarial: <i>\u201cA veces esas flores derivan en frutos en forma de empresas, que son los veh\u00edculos por excelencia que trasladan a la pr\u00e1ctica el resultado de esos conocimientos y que, en definitiva, ayudan a la sociedad a desarrollarse\u201d.<\/i><\/p>\n<p>Y adem\u00e1s se puede ver la investidura de Antonio Garc\u00eda Marcos en <b><a title=\"Opens\" href=\"https:\/\/youtu.be\/sIxUkMIIlDc\" target=\"_blank\" rel=\"noopener\">esta grabaci\u00f3n&#8230;<\/a><\/b><\/p>\n<p><b>Sobre Antonio Garc\u00eda Marcos<\/b><br \/>\nAntonio Garc\u00eda Marcos (Salamanca, 1953) es Ingeniero de Telecomunicaci\u00f3n y fundador de Teldat, primera empresa europea en el dise\u00f1o de equipamiento de acceso para redes corporativas. Entra otras disticiones recibidas a los largo de su carrera, fue elegido &#8216;Ingeniero del A\u00f1o 2000&#8217; por las Juntas de Gobierno y Directiva del Colegio Oficial y de la Asociaci\u00f3n Espa\u00f1ola de Ingenieros de Telecomunicaci\u00f3n, en reconocimiento a su trayectoria profesional en la creaci\u00f3n y desarrollo de su empresa, una de las compa\u00f1\u00edas m\u00e1s destacadas del sector en transmisi\u00f3n de datos e im\u00e1genes.<br \/>\nDesde su fundaci\u00f3n, la colaboraci\u00f3n con diferentes universidades ha sido permanente, basada en la investigaci\u00f3n b\u00e1sica de las tecnolog\u00edas que despu\u00e9s han servido para implementar los equipos que Teldat ha venido ofreciendo al mercado.<br \/>\nGarc\u00eda Marcos se convierte en el primer ingeniero de Telecomunicaci\u00f3n que recibe la distinci\u00f3n de Doctor Honoris Causa por la UAH<\/p>\n<p>[\/et_pb_text][\/et_pb_column][\/et_pb_row][\/et_pb_section]<\/p>\n","protected":false},"excerpt":{"rendered":"<p>El primer ingeniero que recibe esta distinci\u00f3n por parte de la Universidad alcala\u00edna. Destaca \u201csu visi\u00f3n al frente de su compa\u00f1\u00eda para adaptarse a los cambios en el exigente sector de las Telecomunicaciones\u201d<\/p>\n","protected":false},"author":113,"featured_media":13774,"comment_status":"closed","ping_status":"closed","sticky":false,"template":"","format":"standard","meta":{"_acf_changed":false,"_et_pb_use_builder":"","_et_pb_old_content":"","_et_gb_content_width":"","footnotes":""},"categories":[313],"tags":[],"class_list":["post-13611","post","type-post","status-publish","format-standard","has-post-thumbnail","hentry","category-news-es"],"acf":[],"wpml_current_locale":"es_ES","wpml_translations":[{"locale":"en_US","id":13515,"slug":"president-antonio-garcia-marcos-doctor-honoris-causa","post_title":"Teldat President Antonio Garc\u00eda Marcos awarded Doctor Honoris Causa","href":"https:\/\/www.teldat.com\/president-antonio-garcia-marcos-doctor-honoris-causa\/"}],"_links":{"self":[{"href":"https:\/\/www.teldat.com\/es\/wp-json\/wp\/v2\/posts\/13611","targetHints":{"allow":["GET"]}}],"collection":[{"href":"https:\/\/www.teldat.com\/es\/wp-json\/wp\/v2\/posts"}],"about":[{"href":"https:\/\/www.teldat.com\/es\/wp-json\/wp\/v2\/types\/post"}],"author":[{"embeddable":true,"href":"https:\/\/www.teldat.com\/es\/wp-json\/wp\/v2\/users\/113"}],"replies":[{"embeddable":true,"href":"https:\/\/www.teldat.com\/es\/wp-json\/wp\/v2\/comments?post=13611"}],"version-history":[{"count":3,"href":"https:\/\/www.teldat.com\/es\/wp-json\/wp\/v2\/posts\/13611\/revisions"}],"predecessor-version":[{"id":77257,"href":"https:\/\/www.teldat.com\/es\/wp-json\/wp\/v2\/posts\/13611\/revisions\/77257"}],"wp:featuredmedia":[{"embeddable":true,"href":"https:\/\/www.teldat.com\/es\/wp-json\/wp\/v2\/media\/13774"}],"wp:attachment":[{"href":"https:\/\/www.teldat.com\/es\/wp-json\/wp\/v2\/media?parent=13611"}],"wp:term":[{"taxonomy":"category","embeddable":true,"href":"https:\/\/www.teldat.com\/es\/wp-json\/wp\/v2\/categories?post=13611"},{"taxonomy":"post_tag","embeddable":true,"href":"https:\/\/www.teldat.com\/es\/wp-json\/wp\/v2\/tags?post=13611"}],"curies":[{"name":"wp","href":"https:\/\/api.w.org\/{rel}","templated":true}]}}